{"id":12268,"date":"2025-05-29T11:47:55","date_gmt":"2025-05-29T16:47:55","guid":{"rendered":"https:\/\/naturapanama.org\/?p=12268"},"modified":"2025-07-09T11:15:31","modified_gmt":"2025-07-09T16:15:31","slug":"contactos-rosa-montanez","status":"publish","type":"post","link":"https:\/\/naturapanama.org\/en\/contactos-rosa-montanez\/","title":{"rendered":"Rosa Monta\u00f1ez"},"content":{"rendered":"<p>Cuenta con una trayectoria de m\u00e1s de 25 a\u00f1os en el sector ambiental y participaci\u00f3n activa en diversos espacios de coordinaci\u00f3n, redes y acuerdos internacionales, en el marco de la Convenci\u00f3n de Cambio Clim\u00e1tico, la Convenci\u00f3n Ramsar, la Convenci\u00f3n de Especies Migratorias, entre otras. Desde 2011 es directora ejecutiva de la Fundaci\u00f3n para la Conservaci\u00f3n de los Recursos Naturales (Fundaci\u00f3n Natura). Es miembro de la Red de Fondos Ambientales de Am\u00e9rica Latina y Caribe (RedLAC), que presidi\u00f3 entre 2015-2019. Miembro fundador de Fundaci\u00f3n PACIFICO, que presidi\u00f3 del 2020 al 2024, miembro del Comit\u00e9 Coordinador de la Comunidad de Pr\u00e1ctica de Agencias de Acceso Directo al Fondo de Adaptaci\u00f3n y Fondo Verde del Clima. En el plano nacional, es miembro de la Comisi\u00f3n Interinstitucional de la Cuenca Hidrogr\u00e1fica (CICH). Lider\u00f3 el establecimiento y direcci\u00f3n del Centro Regional Ramsar para la Capacitaci\u00f3n e Investigaci\u00f3n sobre Humedales para el Hemisferio Occidental (CREHO).\u00a0 Fue l\u00edder de la Fundaci\u00f3n Avina y experta asociada de PNUD.<\/p>\n<p>Es Licenciada en Derecho y Ciencias Pol\u00edticas de la Universidad de Panam\u00e1, con Maestr\u00eda en Gesti\u00f3n Ambiental. Tambi\u00e9n cuenta con especializaci\u00f3n en planificaci\u00f3n de \u00e1reas protegidas y gerenciamiento para organizaciones no lucrativas del Tecnol\u00f3gico de Monterrey y estudios en liderazgo para la innovaci\u00f3n de MIT.<\/p>\n","protected":false},"excerpt":{"rendered":"<p>Cuenta con una trayectoria de m\u00e1s de 25 a\u00f1os en el sector ambiental y participaci\u00f3n activa en diversos espacios de coordinaci\u00f3n, redes y acuerdos internacionales, en el marco de la Convenci\u00f3n de Cambio Clim\u00e1tico, la Convenci\u00f3n Ramsar, la Convenci\u00f3n de Especies Migratorias, entre otras. Desde 2011 es directora ejecutiva de la Fundaci\u00f3n para la Conservaci\u00f3n de los Recursos Naturales (Fundaci\u00f3n Natura). Es miembro de la Red de Fondos Ambientales de Am\u00e9rica Latina y Caribe (RedLAC), que presidi\u00f3 entre 2015-2019. Miembro fundador de Fundaci\u00f3n PACIFICO, que presidi\u00f3 del 2020 al 2024, miembro del Comit\u00e9 Coordinador de la Comunidad de Pr\u00e1ctica de Agencias de Acceso Directo al Fondo de Adaptaci\u00f3n y Fondo Verde del Clima. En el plano nacional, es miembro de la Comisi\u00f3n Interinstitucional de la Cuenca Hidrogr\u00e1fica (CICH). Lider\u00f3 el establecimiento y direcci\u00f3n del Centro Regional Ramsar para la Capacitaci\u00f3n e Investigaci\u00f3n sobre Humedales para el Hemisferio Occidental (CREHO).\u00a0 Fue l\u00edder de la Fundaci\u00f3n Avina y experta asociada de PNUD.<\/p>\n<p>Es Licenciada en Derecho y Ciencias Pol\u00edticas de la Universidad de Panam\u00e1, con Maestr\u00eda en Gesti\u00f3n Ambiental. Tambi\u00e9n cuenta con especializaci\u00f3n en planificaci\u00f3n de \u00e1reas protegidas y gerenciamiento para organizaciones no lucrativas del Tecnol\u00f3gico de Monterrey y estudios en liderazgo para la innovaci\u00f3n de MIT.<\/p>\n","protected":false},"author":4,"featured_media":12200,"comment_status":"closed","ping_status":"closed","sticky":false,"template":"","format":"standard","meta":{"_acf_changed":false,"footnotes":""},"categories":[77],"tags":[],"class_list":["post-12268","post","type-post","status-publish","format-standard","has-post-thumbnail","hentry","category-contactos"],"acf":[],"yoast_head":"<!-- This site is optimized with the Yoast SEO plugin v27.5 - https:\/\/yoast.com\/product\/yoast-seo-wordpress\/ -->\n<title>Rosa Monta\u00f1ez<\/title>\n<meta name=\"description\" content=\"Cuenta con una trayectoria de m\u00e1s de 25 a\u00f1os en el sector ambiental y participaci\u00f3n activa en diversos espacios de coordinaci\u00f3n, redes y acuerdos internacionales, en el marco de la Convenci\u00f3n de Cambio Clim\u00e1tico, la Convenci\u00f3n Ramsar, la Convenci\u00f3n de Especies Migratorias, entre otras. Desde 2011 es directora ejecutiva de la Fundaci\u00f3n para la Conservaci\u00f3n de los Recursos Naturales (Fundaci\u00f3n Natura). Es miembro de la Red de Fondos Ambientales de Am\u00e9rica Latina y Caribe (RedLAC), que presidi\u00f3 entre 2015-2019. Miembro fundador de Fundaci\u00f3n PACIFICO, que presidi\u00f3 del 2020 al 2024, miembro del Comit\u00e9 Coordinador de la Comunidad de Pr\u00e1ctica de Agencias de Acceso Directo al Fondo de Adaptaci\u00f3n y Fondo Verde del Clima. En el plano nacional, es miembro de la Comisi\u00f3n Interinstitucional de la Cuenca Hidrogr\u00e1fica (CICH). Lider\u00f3 el establecimiento y direcci\u00f3n del Centro Regional Ramsar para la Capacitaci\u00f3n e Investigaci\u00f3n sobre Humedales para el Hemisferio Occidental (CREHO).\u00a0 Fue l\u00edder de la Fundaci\u00f3n Avina y experta asociada de PNUD.  Es Licenciada en Derecho y Ciencias Pol\u00edticas de la Universidad de Panam\u00e1, con Maestr\u00eda en Gesti\u00f3n Ambiental. Tambi\u00e9n cuenta con especializaci\u00f3n en planificaci\u00f3n de \u00e1reas protegidas y gerenciamiento para organizaciones no lucrativas del Tecnol\u00f3gico de Monterrey y estudios en liderazgo para la innovaci\u00f3n de MIT.\" \/>\n<meta name=\"robots\" content=\"noindex, nofollow\" \/>\n<meta property=\"og:locale\" content=\"en_US\" \/>\n<meta property=\"og:type\" content=\"article\" \/>\n<meta property=\"og:title\" content=\"Rosa Monta\u00f1ez\" \/>\n<meta property=\"og:description\" content=\"Cuenta con una trayectoria de m\u00e1s de 25 a\u00f1os en el sector ambiental y participaci\u00f3n activa en diversos espacios de coordinaci\u00f3n, redes y acuerdos internacionales, en el marco de la Convenci\u00f3n de Cambio Clim\u00e1tico, la Convenci\u00f3n Ramsar, la Convenci\u00f3n de Especies Migratorias, entre otras. Desde 2011 es directora ejecutiva de la Fundaci\u00f3n para la Conservaci\u00f3n de los Recursos Naturales (Fundaci\u00f3n Natura). Es miembro de la Red de Fondos Ambientales de Am\u00e9rica Latina y Caribe (RedLAC), que presidi\u00f3 entre 2015-2019. Miembro fundador de Fundaci\u00f3n PACIFICO, que presidi\u00f3 del 2020 al 2024, miembro del Comit\u00e9 Coordinador de la Comunidad de Pr\u00e1ctica de Agencias de Acceso Directo al Fondo de Adaptaci\u00f3n y Fondo Verde del Clima. En el plano nacional, es miembro de la Comisi\u00f3n Interinstitucional de la Cuenca Hidrogr\u00e1fica (CICH). Lider\u00f3 el establecimiento y direcci\u00f3n del Centro Regional Ramsar para la Capacitaci\u00f3n e Investigaci\u00f3n sobre Humedales para el Hemisferio Occidental (CREHO).\u00a0 Fue l\u00edder de la Fundaci\u00f3n Avina y experta asociada de PNUD.  Es Licenciada en Derecho y Ciencias Pol\u00edticas de la Universidad de Panam\u00e1, con Maestr\u00eda en Gesti\u00f3n Ambiental. Tambi\u00e9n cuenta con especializaci\u00f3n en planificaci\u00f3n de \u00e1reas protegidas y gerenciamiento para organizaciones no lucrativas del Tecnol\u00f3gico de Monterrey y estudios en liderazgo para la innovaci\u00f3n de MIT.\" \/>\n<meta property=\"og:url\" content=\"https:\/\/naturapanama.org\/en\/contactos-rosa-montanez\/\" \/>\n<meta property=\"og:site_name\" content=\"Fundaci&oacute;n Natura\" \/>\n<meta property=\"article:publisher\" content=\"https:\/\/www.facebook.com\/naturapma\/\" \/>\n<meta property=\"article:published_time\" content=\"2025-05-29T16:47:55+00:00\" \/>\n<meta property=\"article:modified_time\" content=\"2025-07-09T16:15:31+00:00\" \/>\n<meta property=\"og:image\" content=\"https:\/\/naturapanama.org\/wp-content\/uploads\/2025\/05\/Rosa-Montanez.webp\" \/>\n\t<meta property=\"og:image:width\" content=\"400\" \/>\n\t<meta property=\"og:image:height\" content=\"500\" \/>\n\t<meta property=\"og:image:type\" content=\"image\/webp\" \/>\n<meta name=\"author\" content=\"Rogelio Alvarado\" \/>\n<meta name=\"twitter:card\" content=\"summary_large_image\" \/>\n<meta name=\"twitter:creator\" content=\"@naturapanama\" \/>\n<meta name=\"twitter:site\" content=\"@naturapanama\" \/>\n<meta name=\"twitter:label1\" content=\"Written by\" \/>\n\t<meta name=\"twitter:data1\" content=\"Rogelio Alvarado\" \/>\n\t<meta name=\"twitter:label2\" content=\"Est. reading time\" \/>\n\t<meta name=\"twitter:data2\" content=\"1 minute\" \/>\n<script type=\"application\/ld+json\" class=\"yoast-schema-graph\">{\"@context\":\"https:\\\/\\\/schema.org\",\"@graph\":[{\"@type\":\"Article\",\"@id\":\"https:\\\/\\\/naturapanama.org\\\/en\\\/contactos-rosa-montanez\\\/#article\",\"isPartOf\":{\"@id\":\"https:\\\/\\\/naturapanama.org\\\/en\\\/contactos-rosa-montanez\\\/\"},\"author\":{\"name\":\"Rogelio Alvarado\",\"@id\":\"https:\\\/\\\/naturapanama.org\\\/#\\\/schema\\\/person\\\/5ef5dec391a48bf5a68d38c5c37fd3b3\"},\"headline\":\"Rosa Monta\u00f1ez\",\"datePublished\":\"2025-05-29T16:47:55+00:00\",\"dateModified\":\"2025-07-09T16:15:31+00:00\",\"mainEntityOfPage\":{\"@id\":\"https:\\\/\\\/naturapanama.org\\\/en\\\/contactos-rosa-montanez\\\/\"},\"wordCount\":234,\"publisher\":{\"@id\":\"https:\\\/\\\/naturapanama.org\\\/#organization\"},\"image\":{\"@id\":\"https:\\\/\\\/naturapanama.org\\\/en\\\/contactos-rosa-montanez\\\/#primaryimage\"},\"thumbnailUrl\":\"https:\\\/\\\/naturapanama.org\\\/wp-content\\\/uploads\\\/2025\\\/05\\\/Rosa-Montanez.webp\",\"articleSection\":[\"Contactos\"],\"inLanguage\":\"en-US\"},{\"@type\":\"WebPage\",\"@id\":\"https:\\\/\\\/naturapanama.org\\\/en\\\/contactos-rosa-montanez\\\/\",\"url\":\"https:\\\/\\\/naturapanama.org\\\/en\\\/contactos-rosa-montanez\\\/\",\"name\":\"Rosa Monta\u00f1ez &#060; Fundaci&oacute;n Natura\",\"isPartOf\":{\"@id\":\"https:\\\/\\\/naturapanama.org\\\/#website\"},\"primaryImageOfPage\":{\"@id\":\"https:\\\/\\\/naturapanama.org\\\/en\\\/contactos-rosa-montanez\\\/#primaryimage\"},\"image\":{\"@id\":\"https:\\\/\\\/naturapanama.org\\\/en\\\/contactos-rosa-montanez\\\/#primaryimage\"},\"thumbnailUrl\":\"https:\\\/\\\/naturapanama.org\\\/wp-content\\\/uploads\\\/2025\\\/05\\\/Rosa-Montanez.webp\",\"datePublished\":\"2025-05-29T16:47:55+00:00\",\"dateModified\":\"2025-07-09T16:15:31+00:00\",\"breadcrumb\":{\"@id\":\"https:\\\/\\\/naturapanama.org\\\/en\\\/contactos-rosa-montanez\\\/#breadcrumb\"},\"inLanguage\":\"en-US\",\"potentialAction\":[{\"@type\":\"ReadAction\",\"target\":[\"https:\\\/\\\/naturapanama.org\\\/en\\\/contactos-rosa-montanez\\\/\"]}]},{\"@type\":\"ImageObject\",\"inLanguage\":\"en-US\",\"@id\":\"https:\\\/\\\/naturapanama.org\\\/en\\\/contactos-rosa-montanez\\\/#primaryimage\",\"url\":\"https:\\\/\\\/naturapanama.org\\\/wp-content\\\/uploads\\\/2025\\\/05\\\/Rosa-Montanez.webp\",\"contentUrl\":\"https:\\\/\\\/naturapanama.org\\\/wp-content\\\/uploads\\\/2025\\\/05\\\/Rosa-Montanez.webp\",\"width\":400,\"height\":500},{\"@type\":\"BreadcrumbList\",\"@id\":\"https:\\\/\\\/naturapanama.org\\\/en\\\/contactos-rosa-montanez\\\/#breadcrumb\",\"itemListElement\":[{\"@type\":\"ListItem\",\"position\":1,\"name\":\"Inicio\",\"item\":\"https:\\\/\\\/naturapanama.org\\\/\"},{\"@type\":\"ListItem\",\"position\":2,\"name\":\"Rosa Monta\u00f1ez\"}]},{\"@type\":\"WebSite\",\"@id\":\"https:\\\/\\\/naturapanama.org\\\/en\\\/#website\",\"url\":\"https:\\\/\\\/naturapanama.org\\\/en\\\/\",\"name\":\"Fundaci\u00f3n Natura\",\"description\":\"Fundaci&oacute;n Natura es reconocida como gestor de recursos, que lidera e innova en la conservaci&oacute;n y el manejo sostenible de ecosistemas y su biodiversidad en las cuencas hidrogr&aacute;ficas y &aacute;reas marino costeras priorizadas\",\"publisher\":{\"@id\":\"https:\\\/\\\/naturapanama.org\\\/en\\\/#organization\"},\"potentialAction\":[{\"@type\":\"SearchAction\",\"target\":{\"@type\":\"EntryPoint\",\"urlTemplate\":\"https:\\\/\\\/naturapanama.org\\\/en\\\/?s={search_term_string}\"},\"query-input\":{\"@type\":\"PropertyValueSpecification\",\"valueRequired\":true,\"valueName\":\"search_term_string\"}}],\"inLanguage\":\"en-US\"},{\"@type\":\"Organization\",\"@id\":\"https:\\\/\\\/naturapanama.org\\\/en\\\/#organization\",\"name\":\"Fundacion Natura\",\"url\":\"https:\\\/\\\/naturapanama.org\\\/en\\\/\",\"logo\":{\"@type\":\"ImageObject\",\"inLanguage\":\"en-US\",\"@id\":\"https:\\\/\\\/naturapanama.org\\\/en\\\/#\\\/schema\\\/logo\\\/image\\\/\",\"url\":\"https:\\\/\\\/naturapanama.org\\\/wp-content\\\/uploads\\\/2021\\\/08\\\/cropped-Recurso-3@4x.png\",\"contentUrl\":\"https:\\\/\\\/naturapanama.org\\\/wp-content\\\/uploads\\\/2021\\\/08\\\/cropped-Recurso-3@4x.png\",\"width\":512,\"height\":512,\"caption\":\"Fundacion Natura\"},\"image\":{\"@id\":\"https:\\\/\\\/naturapanama.org\\\/en\\\/#\\\/schema\\\/logo\\\/image\\\/\"},\"sameAs\":[\"https:\\\/\\\/www.facebook.com\\\/naturapma\\\/\",\"https:\\\/\\\/x.com\\\/naturapanama\",\"https:\\\/\\\/www.instagram.com\\\/naturapma\\\/\",\"https:\\\/\\\/www.youtube.com\\\/channel\\\/UCWu_h9ovqfg_vR2RlGe9UfA\"]},{\"@type\":\"Person\",\"@id\":\"https:\\\/\\\/naturapanama.org\\\/#\\\/schema\\\/person\\\/5ef5dec391a48bf5a68d38c5c37fd3b3\",\"name\":\"Rogelio Alvarado\",\"sameAs\":[\"http:\\\/\\\/bigup.com.pa\"]}]}<\/script>\n<!-- \/ Yoast SEO plugin. -->","yoast_head_json":{"title":"Rosa Monta\u00f1ez","description":"Cuenta con una trayectoria de m\u00e1s de 25 a\u00f1os en el sector ambiental y participaci\u00f3n activa en diversos espacios de coordinaci\u00f3n, redes y acuerdos internacionales, en el marco de la Convenci\u00f3n de Cambio Clim\u00e1tico, la Convenci\u00f3n Ramsar, la Convenci\u00f3n de Especies Migratorias, entre otras. Desde 2011 es directora ejecutiva de la Fundaci\u00f3n para la Conservaci\u00f3n de los Recursos Naturales (Fundaci\u00f3n Natura). Es miembro de la Red de Fondos Ambientales de Am\u00e9rica Latina y Caribe (RedLAC), que presidi\u00f3 entre 2015-2019. Miembro fundador de Fundaci\u00f3n PACIFICO, que presidi\u00f3 del 2020 al 2024, miembro del Comit\u00e9 Coordinador de la Comunidad de Pr\u00e1ctica de Agencias de Acceso Directo al Fondo de Adaptaci\u00f3n y Fondo Verde del Clima. En el plano nacional, es miembro de la Comisi\u00f3n Interinstitucional de la Cuenca Hidrogr\u00e1fica (CICH). Lider\u00f3 el establecimiento y direcci\u00f3n del Centro Regional Ramsar para la Capacitaci\u00f3n e Investigaci\u00f3n sobre Humedales para el Hemisferio Occidental (CREHO).\u00a0 Fue l\u00edder de la Fundaci\u00f3n Avina y experta asociada de PNUD.  Es Licenciada en Derecho y Ciencias Pol\u00edticas de la Universidad de Panam\u00e1, con Maestr\u00eda en Gesti\u00f3n Ambiental. Tambi\u00e9n cuenta con especializaci\u00f3n en planificaci\u00f3n de \u00e1reas protegidas y gerenciamiento para organizaciones no lucrativas del Tecnol\u00f3gico de Monterrey y estudios en liderazgo para la innovaci\u00f3n de MIT.","robots":{"index":"noindex","follow":"nofollow"},"og_locale":"en_US","og_type":"article","og_title":"Rosa Monta\u00f1ez","og_description":"Cuenta con una trayectoria de m\u00e1s de 25 a\u00f1os en el sector ambiental y participaci\u00f3n activa en diversos espacios de coordinaci\u00f3n, redes y acuerdos internacionales, en el marco de la Convenci\u00f3n de Cambio Clim\u00e1tico, la Convenci\u00f3n Ramsar, la Convenci\u00f3n de Especies Migratorias, entre otras. Desde 2011 es directora ejecutiva de la Fundaci\u00f3n para la Conservaci\u00f3n de los Recursos Naturales (Fundaci\u00f3n Natura). Es miembro de la Red de Fondos Ambientales de Am\u00e9rica Latina y Caribe (RedLAC), que presidi\u00f3 entre 2015-2019. Miembro fundador de Fundaci\u00f3n PACIFICO, que presidi\u00f3 del 2020 al 2024, miembro del Comit\u00e9 Coordinador de la Comunidad de Pr\u00e1ctica de Agencias de Acceso Directo al Fondo de Adaptaci\u00f3n y Fondo Verde del Clima. En el plano nacional, es miembro de la Comisi\u00f3n Interinstitucional de la Cuenca Hidrogr\u00e1fica (CICH). Lider\u00f3 el establecimiento y direcci\u00f3n del Centro Regional Ramsar para la Capacitaci\u00f3n e Investigaci\u00f3n sobre Humedales para el Hemisferio Occidental (CREHO).\u00a0 Fue l\u00edder de la Fundaci\u00f3n Avina y experta asociada de PNUD.  Es Licenciada en Derecho y Ciencias Pol\u00edticas de la Universidad de Panam\u00e1, con Maestr\u00eda en Gesti\u00f3n Ambiental. Tambi\u00e9n cuenta con especializaci\u00f3n en planificaci\u00f3n de \u00e1reas protegidas y gerenciamiento para organizaciones no lucrativas del Tecnol\u00f3gico de Monterrey y estudios en liderazgo para la innovaci\u00f3n de MIT.","og_url":"https:\/\/naturapanama.org\/en\/contactos-rosa-montanez\/","og_site_name":"Fundaci&oacute;n Natura","article_publisher":"https:\/\/www.facebook.com\/naturapma\/","article_published_time":"2025-05-29T16:47:55+00:00","article_modified_time":"2025-07-09T16:15:31+00:00","og_image":[{"width":400,"height":500,"url":"https:\/\/naturapanama.org\/wp-content\/uploads\/2025\/05\/Rosa-Montanez.webp","type":"image\/webp"}],"author":"Rogelio Alvarado","twitter_card":"summary_large_image","twitter_creator":"@naturapanama","twitter_site":"@naturapanama","twitter_misc":{"Written by":"Rogelio Alvarado","Est. reading time":"1 minute"},"schema":{"@context":"https:\/\/schema.org","@graph":[{"@type":"Article","@id":"https:\/\/naturapanama.org\/en\/contactos-rosa-montanez\/#article","isPartOf":{"@id":"https:\/\/naturapanama.org\/en\/contactos-rosa-montanez\/"},"author":{"name":"Rogelio Alvarado","@id":"https:\/\/naturapanama.org\/#\/schema\/person\/5ef5dec391a48bf5a68d38c5c37fd3b3"},"headline":"Rosa Monta\u00f1ez","datePublished":"2025-05-29T16:47:55+00:00","dateModified":"2025-07-09T16:15:31+00:00","mainEntityOfPage":{"@id":"https:\/\/naturapanama.org\/en\/contactos-rosa-montanez\/"},"wordCount":234,"publisher":{"@id":"https:\/\/naturapanama.org\/#organization"},"image":{"@id":"https:\/\/naturapanama.org\/en\/contactos-rosa-montanez\/#primaryimage"},"thumbnailUrl":"https:\/\/naturapanama.org\/wp-content\/uploads\/2025\/05\/Rosa-Montanez.webp","articleSection":["Contactos"],"inLanguage":"en-US"},{"@type":"WebPage","@id":"https:\/\/naturapanama.org\/en\/contactos-rosa-montanez\/","url":"https:\/\/naturapanama.org\/en\/contactos-rosa-montanez\/","name":"Rosa Monta\u00f1ez &#060; Fundaci&oacute;n Natura","isPartOf":{"@id":"https:\/\/naturapanama.org\/#website"},"primaryImageOfPage":{"@id":"https:\/\/naturapanama.org\/en\/contactos-rosa-montanez\/#primaryimage"},"image":{"@id":"https:\/\/naturapanama.org\/en\/contactos-rosa-montanez\/#primaryimage"},"thumbnailUrl":"https:\/\/naturapanama.org\/wp-content\/uploads\/2025\/05\/Rosa-Montanez.webp","datePublished":"2025-05-29T16:47:55+00:00","dateModified":"2025-07-09T16:15:31+00:00","breadcrumb":{"@id":"https:\/\/naturapanama.org\/en\/contactos-rosa-montanez\/#breadcrumb"},"inLanguage":"en-US","potentialAction":[{"@type":"ReadAction","target":["https:\/\/naturapanama.org\/en\/contactos-rosa-montanez\/"]}]},{"@type":"ImageObject","inLanguage":"en-US","@id":"https:\/\/naturapanama.org\/en\/contactos-rosa-montanez\/#primaryimage","url":"https:\/\/naturapanama.org\/wp-content\/uploads\/2025\/05\/Rosa-Montanez.webp","contentUrl":"https:\/\/naturapanama.org\/wp-content\/uploads\/2025\/05\/Rosa-Montanez.webp","width":400,"height":500},{"@type":"BreadcrumbList","@id":"https:\/\/naturapanama.org\/en\/contactos-rosa-montanez\/#breadcrumb","itemListElement":[{"@type":"ListItem","position":1,"name":"Inicio","item":"https:\/\/naturapanama.org\/"},{"@type":"ListItem","position":2,"name":"Rosa Monta\u00f1ez"}]},{"@type":"WebSite","@id":"https:\/\/naturapanama.org\/en\/#website","url":"https:\/\/naturapanama.org\/en\/","name":"Fundaci\u00f3n Natura","description":"Fundaci&oacute;n Natura es reconocida como gestor de recursos, que lidera e innova en la conservaci&oacute;n y el manejo sostenible de ecosistemas y su biodiversidad en las cuencas hidrogr&aacute;ficas y &aacute;reas marino costeras priorizadas","publisher":{"@id":"https:\/\/naturapanama.org\/en\/#organization"},"potentialAction":[{"@type":"SearchAction","target":{"@type":"EntryPoint","urlTemplate":"https:\/\/naturapanama.org\/en\/?s={search_term_string}"},"query-input":{"@type":"PropertyValueSpecification","valueRequired":true,"valueName":"search_term_string"}}],"inLanguage":"en-US"},{"@type":"Organization","@id":"https:\/\/naturapanama.org\/en\/#organization","name":"Fundacion Natura","url":"https:\/\/naturapanama.org\/en\/","logo":{"@type":"ImageObject","inLanguage":"en-US","@id":"https:\/\/naturapanama.org\/en\/#\/schema\/logo\/image\/","url":"https:\/\/naturapanama.org\/wp-content\/uploads\/2021\/08\/cropped-Recurso-3@4x.png","contentUrl":"https:\/\/naturapanama.org\/wp-content\/uploads\/2021\/08\/cropped-Recurso-3@4x.png","width":512,"height":512,"caption":"Fundacion Natura"},"image":{"@id":"https:\/\/naturapanama.org\/en\/#\/schema\/logo\/image\/"},"sameAs":["https:\/\/www.facebook.com\/naturapma\/","https:\/\/x.com\/naturapanama","https:\/\/www.instagram.com\/naturapma\/","https:\/\/www.youtube.com\/channel\/UCWu_h9ovqfg_vR2RlGe9UfA"]},{"@type":"Person","@id":"https:\/\/naturapanama.org\/#\/schema\/person\/5ef5dec391a48bf5a68d38c5c37fd3b3","name":"Rogelio Alvarado","sameAs":["http:\/\/bigup.com.pa"]}]}},"_links":{"self":[{"href":"https:\/\/naturapanama.org\/en\/wp-json\/wp\/v2\/posts\/12268","targetHints":{"allow":["GET"]}}],"collection":[{"href":"https:\/\/naturapanama.org\/en\/wp-json\/wp\/v2\/posts"}],"about":[{"href":"https:\/\/naturapanama.org\/en\/wp-json\/wp\/v2\/types\/post"}],"author":[{"embeddable":true,"href":"https:\/\/naturapanama.org\/en\/wp-json\/wp\/v2\/users\/4"}],"replies":[{"embeddable":true,"href":"https:\/\/naturapanama.org\/en\/wp-json\/wp\/v2\/comments?post=12268"}],"version-history":[{"count":19,"href":"https:\/\/naturapanama.org\/en\/wp-json\/wp\/v2\/posts\/12268\/revisions"}],"predecessor-version":[{"id":12553,"href":"https:\/\/naturapanama.org\/en\/wp-json\/wp\/v2\/posts\/12268\/revisions\/12553"}],"wp:featuredmedia":[{"embeddable":true,"href":"https:\/\/naturapanama.org\/en\/wp-json\/wp\/v2\/media\/12200"}],"wp:attachment":[{"href":"https:\/\/naturapanama.org\/en\/wp-json\/wp\/v2\/media?parent=12268"}],"wp:term":[{"taxonomy":"category","embeddable":true,"href":"https:\/\/naturapanama.org\/en\/wp-json\/wp\/v2\/categories?post=12268"},{"taxonomy":"post_tag","embeddable":true,"href":"https:\/\/naturapanama.org\/en\/wp-json\/wp\/v2\/tags?post=12268"}],"curies":[{"name":"wp","href":"https:\/\/api.w.org\/{rel}","templated":true}]}}